{"id":5557,"date":"2025-03-29T18:13:00","date_gmt":"2025-03-29T17:13:00","guid":{"rendered":"https:\/\/www.galerie-herbert-fort.com\/actualite\/ceramiques-de-notre-temps\/"},"modified":"2026-04-03T13:56:52","modified_gmt":"2026-04-03T11:56:52","slug":"ceramiques-de-notre-temps","status":"publish","type":"actualite","link":"https:\/\/www.galerie-herbert-fort.com\/en\/actualite\/ceramiques-de-notre-temps\/","title":{"rendered":"C\u00e9ramiques de Notre Temps"},"content":{"rendered":"\n<p>Une exposition n\u00e9e de la passion de la galeriste pour le travail de la terre, qui explore les r\u00f4les vari\u00e9s de la c\u00e9ramique \u00e0 notre \u00e9poque.<\/p>\n\n<p>Sont pr\u00e9sent\u00e9es des pi\u00e8ces utilitaires, des cr\u00e9ations d\u00e9coratives, des oeuvres d&#8217;art tout comme des natures mortes contemporaines o\u00f9 l&#8217;on retrouve la c\u00e9ramique en tant que sujet.<\/p>\n\n<p>Du 29 mars au 25 juin 2025<\/p>\n","protected":false},"featured_media":5548,"template":"","class_list":["post-5557","actualite","type-actualite","status-publish","has-post-thumbnail","hentry"],"acf":[],"aioseo_notices":[],"_links":{"self":[{"href":"https:\/\/www.galerie-herbert-fort.com\/en\/wp-json\/wp\/v2\/actualite\/5557","targetHints":{"allow":["GET"]}}],"collection":[{"href":"https:\/\/www.galerie-herbert-fort.com\/en\/wp-json\/wp\/v2\/actualite"}],"about":[{"href":"https:\/\/www.galerie-herbert-fort.com\/en\/wp-json\/wp\/v2\/types\/actualite"}],"wp:featuredmedia":[{"embeddable":true,"href":"https:\/\/www.galerie-herbert-fort.com\/en\/wp-json\/wp\/v2\/media\/5548"}],"wp:attachment":[{"href":"https:\/\/www.galerie-herbert-fort.com\/en\/wp-json\/wp\/v2\/media?parent=5557"}],"curies":[{"name":"wp","href":"https:\/\/api.w.org\/{rel}","templated":true}]}}